{"id":21771,"date":"2022-11-03T17:49:24","date_gmt":"2022-11-03T16:49:24","guid":{"rendered":"https:\/\/barockundklassik.com\/anja-rietbrock-als-koerkomissarin-2022-als-vertretung-ernannt\/"},"modified":"2025-05-12T15:01:19","modified_gmt":"2025-05-12T13:01:19","slug":"anja-rietbrock-es-nombrada-como-comisaria-por-la-evaluacion-de-sementales","status":"publish","type":"post","link":"https:\/\/barockundklassik.com\/es\/anja-rietbrock-es-nombrada-como-comisaria-por-la-evaluacion-de-sementales\/","title":{"rendered":"Anja Rietbrock es nombrada como comisaria por la evaluaci\u00f2n de sementales"},"content":{"rendered":"<p>Un semental de la familia del comisario Dirk Mehnert fue admitido como futuro semental de doma classica de los Hanoverianos. Naturalmente, esto provocar\u00eda un conflicto de intereses, por lo que ahora est\u00e1 representado por Anja Rietbrock. La concesi\u00f3n de licencias para sementales hannoverianos tendr\u00e1 lugar, como es habitual, en Verden del 03 al 05.11.2022.<\/p>\n<p>Cruzamos los dedos por la familia Mehnert.<\/p>\n<hr \/>\n<p>&nbsp;<\/p>\n<p><img loading=\"lazy\" decoding=\"async\" class=\"alignnone wp-image-21759 size-full\" src=\"https:\/\/barockundklassik.com\/wp-content\/uploads\/koerung01-2-300x200-1.jpeg\" alt=\"\" width=\"300\" height=\"200\" title=\"\" srcset=\"https:\/\/barockundklassik.com\/wp-content\/uploads\/koerung01-2-300x200-1.jpeg 300w, https:\/\/barockundklassik.com\/wp-content\/uploads\/koerung01-2-300x200-1-200x133.jpeg 200w\" sizes=\"auto, (max-width: 300px) 100vw, 300px\" \/> <img loading=\"lazy\" decoding=\"async\" class=\"alignnone size-medium wp-image-21762\" src=\"https:\/\/barockundklassik.com\/wp-content\/uploads\/koerung01-3-300x200-1.jpeg\" alt=\"\" width=\"300\" height=\"200\" title=\"\" srcset=\"https:\/\/barockundklassik.com\/wp-content\/uploads\/koerung01-3-300x200-1.jpeg 300w, https:\/\/barockundklassik.com\/wp-content\/uploads\/koerung01-3-300x200-1-200x133.jpeg 200w\" sizes=\"auto, (max-width: 300px) 100vw, 300px\" \/><\/p>\n<hr \/>\n<p>&nbsp;<\/p>\n","protected":false},"excerpt":{"rendered":"<p>Un semental de la familia del comisario Dirk Mehnert fue admitido como futuro semental de doma classica de los Hanoverianos. Naturalmente, esto provocar\u00eda un conflicto de intereses, por lo que ahora est\u00e1 representado por Anja Rietbrock. La concesi\u00f3n de licencias para sementales hannoverianos tendr\u00e1 lugar, como es habitual, en Verden del 03 al 05.11.2022. Cruzamos los dedos por la familia Mehnert. &nbsp; &nbsp;<\/p>\n","protected":false},"author":1,"featured_media":21758,"comment_status":"closed","ping_status":"open","sticky":false,"template":"","format":"standard","meta":{"footnotes":""},"categories":[1097],"tags":[],"class_list":["post-21771","post","type-post","status-publish","format-standard","has-post-thumbnail","hentry","category-presione"],"_links":{"self":[{"href":"https:\/\/barockundklassik.com\/es\/wp-json\/wp\/v2\/posts\/21771","targetHints":{"allow":["GET"]}}],"collection":[{"href":"https:\/\/barockundklassik.com\/es\/wp-json\/wp\/v2\/posts"}],"about":[{"href":"https:\/\/barockundklassik.com\/es\/wp-json\/wp\/v2\/types\/post"}],"author":[{"embeddable":true,"href":"https:\/\/barockundklassik.com\/es\/wp-json\/wp\/v2\/users\/1"}],"replies":[{"embeddable":true,"href":"https:\/\/barockundklassik.com\/es\/wp-json\/wp\/v2\/comments?post=21771"}],"version-history":[{"count":0,"href":"https:\/\/barockundklassik.com\/es\/wp-json\/wp\/v2\/posts\/21771\/revisions"}],"wp:featuredmedia":[{"embeddable":true,"href":"https:\/\/barockundklassik.com\/es\/wp-json\/wp\/v2\/media\/21758"}],"wp:attachment":[{"href":"https:\/\/barockundklassik.com\/es\/wp-json\/wp\/v2\/media?parent=21771"}],"wp:term":[{"taxonomy":"category","embeddable":true,"href":"https:\/\/barockundklassik.com\/es\/wp-json\/wp\/v2\/categories?post=21771"},{"taxonomy":"post_tag","embeddable":true,"href":"https:\/\/barockundklassik.com\/es\/wp-json\/wp\/v2\/tags?post=21771"}],"curies":[{"name":"wp","href":"https:\/\/api.w.org\/{rel}","templated":true}]}}