{"id":24405,"date":"2022-01-30T14:05:02","date_gmt":"2022-01-30T13:05:02","guid":{"rendered":"https:\/\/barockundklassik.com\/barquillero-ein-update-einer-zufriedenen-kundin-vielen-dank\/"},"modified":"2025-05-12T15:41:33","modified_gmt":"2025-05-12T13:41:33","slug":"barquillero-una-actualizacion-de-una-clienta-satisfecho","status":"publish","type":"post","link":"https:\/\/barockundklassik.com\/es\/barquillero-una-actualizacion-de-una-clienta-satisfecho\/","title":{"rendered":"Barquillero, una actualizaci\u00f3n de una clienta satisfecho"},"content":{"rendered":"<p><span class=\"VIiyi\" lang=\"es\"><span class=\"JLqJ4b ChMk0b\" data-language-for-alternatives=\"es\" data-language-to-translate-into=\"de\" data-phrase-index=\"0\" data-number-of-phrases=\"4\">Barquillero lleg\u00f3 sano y salvo a Suiza.<\/span> <span class=\"JLqJ4b ChMk0b\" data-language-for-alternatives=\"es\" data-language-to-translate-into=\"de\" data-phrase-index=\"1\" data-number-of-phrases=\"4\">Descarado y abrazable, un caballo muy especial.<\/span> <span class=\"JLqJ4b ChMk0b\" data-language-for-alternatives=\"es\" data-language-to-translate-into=\"de\" data-phrase-index=\"2\" data-number-of-phrases=\"4\">Sol\u00eda \u200b\u200bcriarme a m\u00ed mismo, pero \u00e9l es incre\u00edble.<\/span> <span class=\"JLqJ4b ChMk0b\" data-language-for-alternatives=\"es\" data-language-to-translate-into=\"de\" data-phrase-index=\"3\" data-number-of-phrases=\"4\">Un personaje como un Labrador.<\/span><\/span><\/p>\n<hr \/>\n<div id='gallery-1' class='gallery galleryid-24405 gallery-columns-3 gallery-size-thumbnail'><dl class='gallery-item'>\n\t\t\t<dt class='gallery-icon landscape'>\n\t\t\t\t<img loading=\"lazy\" decoding=\"async\" width=\"300\" height=\"200\" src=\"https:\/\/barockundklassik.com\/wp-content\/uploads\/2025\/04\/barquillero_goodbye02-1-300x200-1.jpg\" class=\"attachment-thumbnail size-thumbnail\" alt=\"Ehemaliges Verkaufspferd PRE Barquillero im Liegen\" srcset=\"https:\/\/barockundklassik.com\/wp-content\/uploads\/2025\/04\/barquillero_goodbye02-1-300x200-1.jpg 300w, https:\/\/barockundklassik.com\/wp-content\/uploads\/2025\/04\/barquillero_goodbye02-1-300x200-1-200x133.jpg 200w\" sizes=\"auto, (max-width: 300px) 100vw, 300px\" title=\"\">\n\t\t\t<\/dt><\/dl><dl class='gallery-item'>\n\t\t\t<dt class='gallery-icon landscape'>\n\t\t\t\t<img loading=\"lazy\" decoding=\"async\" width=\"300\" height=\"200\" src=\"https:\/\/barockundklassik.com\/wp-content\/uploads\/2025\/04\/barquillero_goodbye03-300x200-1.jpg\" class=\"attachment-thumbnail size-thumbnail\" alt=\"Ehemaliges Verkaufspferd PRE Barquillero\" srcset=\"https:\/\/barockundklassik.com\/wp-content\/uploads\/2025\/04\/barquillero_goodbye03-300x200-1.jpg 300w, https:\/\/barockundklassik.com\/wp-content\/uploads\/2025\/04\/barquillero_goodbye03-300x200-1-200x133.jpg 200w\" sizes=\"auto, (max-width: 300px) 100vw, 300px\" title=\"\">\n\t\t\t<\/dt><\/dl>\n\t\t\t<br style='clear: both' \/>\n\t\t<\/div>\n\n<p>&nbsp;<\/p>\n<hr \/>\n<p>&nbsp;<\/p>\n","protected":false},"excerpt":{"rendered":"<p>Barquillero lleg\u00f3 sano y salvo a Suiza. Descarado y abrazable, un caballo muy especial. Sol\u00eda \u200b\u200bcriarme a m\u00ed mismo, pero \u00e9l es incre\u00edble. Un personaje como un Labrador. &nbsp; &nbsp;<\/p>\n","protected":false},"author":1,"featured_media":24396,"comment_status":"closed","ping_status":"open","sticky":false,"template":"","format":"standard","meta":{"footnotes":""},"categories":[1448],"tags":[],"class_list":["post-24405","post","type-post","status-publish","format-standard","has-post-thumbnail","hentry","category-comentarios-de-los-clientes"],"_links":{"self":[{"href":"https:\/\/barockundklassik.com\/es\/wp-json\/wp\/v2\/posts\/24405","targetHints":{"allow":["GET"]}}],"collection":[{"href":"https:\/\/barockundklassik.com\/es\/wp-json\/wp\/v2\/posts"}],"about":[{"href":"https:\/\/barockundklassik.com\/es\/wp-json\/wp\/v2\/types\/post"}],"author":[{"embeddable":true,"href":"https:\/\/barockundklassik.com\/es\/wp-json\/wp\/v2\/users\/1"}],"replies":[{"embeddable":true,"href":"https:\/\/barockundklassik.com\/es\/wp-json\/wp\/v2\/comments?post=24405"}],"version-history":[{"count":0,"href":"https:\/\/barockundklassik.com\/es\/wp-json\/wp\/v2\/posts\/24405\/revisions"}],"wp:featuredmedia":[{"embeddable":true,"href":"https:\/\/barockundklassik.com\/es\/wp-json\/wp\/v2\/media\/24396"}],"wp:attachment":[{"href":"https:\/\/barockundklassik.com\/es\/wp-json\/wp\/v2\/media?parent=24405"}],"wp:term":[{"taxonomy":"category","embeddable":true,"href":"https:\/\/barockundklassik.com\/es\/wp-json\/wp\/v2\/categories?post=24405"},{"taxonomy":"post_tag","embeddable":true,"href":"https:\/\/barockundklassik.com\/es\/wp-json\/wp\/v2\/tags?post=24405"}],"curies":[{"name":"wp","href":"https:\/\/api.w.org\/{rel}","templated":true}]}}