{"id":24422,"date":"2022-01-28T16:10:48","date_gmt":"2022-01-28T15:10:48","guid":{"rendered":"https:\/\/barockundklassik.com\/was-gibt-es-schoeneres-als-wenn-kinderaugen-strahlen\/"},"modified":"2025-05-12T15:42:59","modified_gmt":"2025-05-12T13:42:59","slug":"que-podria-ser-mas-agradable-que-cuando-brillan-los-ojos-de-los-ninos","status":"publish","type":"post","link":"https:\/\/barockundklassik.com\/es\/que-podria-ser-mas-agradable-que-cuando-brillan-los-ojos-de-los-ninos\/","title":{"rendered":"\u00bfQu\u00e9 podr\u00eda ser m\u00e1s agradable que cuando brillan los ojos de los ni\u00f1os?"},"content":{"rendered":"<p>En Barockmeetsclassic encontramos tambi\u00e9n por los ni\u00f1os el amigo de cuantro patas perfecto y los hacemos felices.<\/p>\n<p>Fue un punto culminante especial en Temple, ya que la madre organiz\u00f3 el caballo como una \u00absorpresa\u00bb y se par\u00f3 en el establo local y la hija no sab\u00eda nada al respecto. \u00a1L\u00e1stima que no podemos mostrar la foto, pero la ni\u00f1a est\u00e1 radiante y riendo de alegr\u00eda! Simplemente \u00fanico.<\/p>\n<p>Y el pony gris tambi\u00e9n viene de Espa\u00f1a y es EL gran\/peque\u00f1o amigo de una ni\u00f1a.\u00a0En \u00e9l descubres un poco de ti.<\/p>\n<hr \/>\n<div id='gallery-1' class='gallery galleryid-24422 gallery-columns-3 gallery-size-thumbnail'><dl class='gallery-item'>\n\t\t\t<dt class='gallery-icon landscape'>\n\t\t\t\t<img loading=\"lazy\" decoding=\"async\" width=\"300\" height=\"200\" src=\"https:\/\/barockundklassik.com\/wp-content\/uploads\/2025\/04\/kids01-300x200-1.jpg\" class=\"attachment-thumbnail size-thumbnail\" alt=\"Ehemaliges Verkaufspony Barockmeetsclassic.com\" srcset=\"https:\/\/barockundklassik.com\/wp-content\/uploads\/2025\/04\/kids01-300x200-1.jpg 300w, https:\/\/barockundklassik.com\/wp-content\/uploads\/2025\/04\/kids01-300x200-1-200x133.jpg 200w\" sizes=\"auto, (max-width: 300px) 100vw, 300px\" title=\"\">\n\t\t\t<\/dt><\/dl><dl class='gallery-item'>\n\t\t\t<dt class='gallery-icon portrait'>\n\t\t\t\t<img loading=\"lazy\" decoding=\"async\" width=\"320\" height=\"250\" src=\"https:\/\/barockundklassik.com\/wp-content\/uploads\/2025\/04\/kids02-320x250.jpg\" class=\"attachment-thumbnail size-thumbnail\" alt=\"Ehemaliges Verkaufspony Barockmeetsclassic.com\" title=\"\">\n\t\t\t<\/dt><\/dl>\n\t\t\t<br style='clear: both' \/>\n\t\t<\/div>\n\n<p>&nbsp;<\/p>\n<hr \/>\n<p>&nbsp;<\/p>\n","protected":false},"excerpt":{"rendered":"<p>En Barockmeetsclassic encontramos tambi\u00e9n por los ni\u00f1os el amigo de cuantro patas perfecto y los hacemos felices. Fue un punto culminante especial en Temple, ya que la madre organiz\u00f3 el caballo como una \u00absorpresa\u00bb y se par\u00f3 en el establo local y la hija no sab\u00eda nada al respecto. \u00a1L\u00e1stima que no podemos mostrar la foto, pero la ni\u00f1a est\u00e1 radiante y riendo de alegr\u00eda! Simplemente \u00fanico. Y el pony gris tambi\u00e9n viene de Espa\u00f1a y es EL gran\/peque\u00f1o amigo de una ni\u00f1a.\u00a0En \u00e9l descubres un poco de ti. &nbsp; &nbsp;<\/p>\n","protected":false},"author":1,"featured_media":24413,"comment_status":"closed","ping_status":"open","sticky":false,"template":"","format":"standard","meta":{"footnotes":""},"categories":[1449],"tags":[],"class_list":["post-24422","post","type-post","status-publish","format-standard","has-post-thumbnail","hentry","category-tablon-de-anuncios"],"_links":{"self":[{"href":"https:\/\/barockundklassik.com\/es\/wp-json\/wp\/v2\/posts\/24422","targetHints":{"allow":["GET"]}}],"collection":[{"href":"https:\/\/barockundklassik.com\/es\/wp-json\/wp\/v2\/posts"}],"about":[{"href":"https:\/\/barockundklassik.com\/es\/wp-json\/wp\/v2\/types\/post"}],"author":[{"embeddable":true,"href":"https:\/\/barockundklassik.com\/es\/wp-json\/wp\/v2\/users\/1"}],"replies":[{"embeddable":true,"href":"https:\/\/barockundklassik.com\/es\/wp-json\/wp\/v2\/comments?post=24422"}],"version-history":[{"count":0,"href":"https:\/\/barockundklassik.com\/es\/wp-json\/wp\/v2\/posts\/24422\/revisions"}],"wp:featuredmedia":[{"embeddable":true,"href":"https:\/\/barockundklassik.com\/es\/wp-json\/wp\/v2\/media\/24413"}],"wp:attachment":[{"href":"https:\/\/barockundklassik.com\/es\/wp-json\/wp\/v2\/media?parent=24422"}],"wp:term":[{"taxonomy":"category","embeddable":true,"href":"https:\/\/barockundklassik.com\/es\/wp-json\/wp\/v2\/categories?post=24422"},{"taxonomy":"post_tag","embeddable":true,"href":"https:\/\/barockundklassik.com\/es\/wp-json\/wp\/v2\/tags?post=24422"}],"curies":[{"name":"wp","href":"https:\/\/api.w.org\/{rel}","templated":true}]}}