{"id":24615,"date":"2021-01-14T12:55:09","date_gmt":"2021-01-14T11:55:09","guid":{"rendered":"https:\/\/barockundklassik.com\/leb-wohl-lieber-honest-und-geniesse-dein-neues-leben\/"},"modified":"2025-05-13T12:30:21","modified_gmt":"2025-05-13T10:30:21","slug":"adios-honest-y-disfruta-de-tu-nueva-vida","status":"publish","type":"post","link":"https:\/\/barockundklassik.com\/es\/adios-honest-y-disfruta-de-tu-nueva-vida\/","title":{"rendered":"Adi\u00f3s Honest y disfruta de tu nueva vida"},"content":{"rendered":"<p>El guapo caballo Honest tambi\u00e9n ha encontrado su \u00faltimo lugar y estamos muy felices por \u00e9l. Es un gran caballo con carisma, con un pedigr\u00ed impresionante, campione catal\u00e1n y excelente con el mejor movimiento y ahora puede ser un caballo de ocio y ense\u00f1anza. Felicitaciones a su comprador y mucha, mucha alegr\u00eda con este tipo fuerte.<\/p>\n<hr \/>\n<div id='gallery-1' class='gallery galleryid-24615 gallery-columns-2 gallery-size-thumbnail'><dl class='gallery-item'>\n\t\t\t<dt class='gallery-icon landscape'>\n\t\t\t\t<img loading=\"lazy\" decoding=\"async\" width=\"320\" height=\"250\" src=\"https:\/\/barockundklassik.com\/wp-content\/uploads\/2025\/05\/Honest02-320x250.jpg\" class=\"attachment-thumbnail size-thumbnail\" alt=\"PRE Schimmel Honest in seinem neuen Stall mit Zeigen\" title=\"\">\n\t\t\t<\/dt><\/dl><dl class='gallery-item'>\n\t\t\t<dt class='gallery-icon landscape'>\n\t\t\t\t<img loading=\"lazy\" decoding=\"async\" width=\"300\" height=\"200\" src=\"https:\/\/barockundklassik.com\/wp-content\/uploads\/2025\/05\/Honest03.jpeg\" class=\"attachment-thumbnail size-thumbnail\" alt=\"PRE Schimmel in seinem neuen Stall mit Schecken\" srcset=\"https:\/\/barockundklassik.com\/wp-content\/uploads\/2025\/05\/Honest03.jpeg 300w, https:\/\/barockundklassik.com\/wp-content\/uploads\/2025\/05\/Honest03-200x133.jpeg 200w\" sizes=\"auto, (max-width: 300px) 100vw, 300px\" title=\"\">\n\t\t\t<\/dt><\/dl><br style=\"clear: both\" \/><dl class='gallery-item'>\n\t\t\t<dt class='gallery-icon landscape'>\n\t\t\t\t<img loading=\"lazy\" decoding=\"async\" width=\"300\" height=\"200\" src=\"https:\/\/barockundklassik.com\/wp-content\/uploads\/2025\/05\/Honest04.jpeg\" class=\"attachment-thumbnail size-thumbnail\" alt=\"PRE Schimmel Barock im Trab auf der Koppel\" srcset=\"https:\/\/barockundklassik.com\/wp-content\/uploads\/2025\/05\/Honest04.jpeg 300w, https:\/\/barockundklassik.com\/wp-content\/uploads\/2025\/05\/Honest04-200x133.jpeg 200w\" sizes=\"auto, (max-width: 300px) 100vw, 300px\" title=\"\">\n\t\t\t<\/dt><\/dl><dl class='gallery-item'>\n\t\t\t<dt class='gallery-icon landscape'>\n\t\t\t\t<img loading=\"lazy\" decoding=\"async\" width=\"300\" height=\"200\" src=\"https:\/\/barockundklassik.com\/wp-content\/uploads\/2025\/05\/Honest05.jpg\" class=\"attachment-thumbnail size-thumbnail\" alt=\"PRE Schimmel kurz vor dem Verladen\" srcset=\"https:\/\/barockundklassik.com\/wp-content\/uploads\/2025\/05\/Honest05.jpg 300w, https:\/\/barockundklassik.com\/wp-content\/uploads\/2025\/05\/Honest05-200x133.jpg 200w\" sizes=\"auto, (max-width: 300px) 100vw, 300px\" title=\"\">\n\t\t\t<\/dt><\/dl><br style=\"clear: both\" \/>\n\t\t<\/div>\n\n<p>&nbsp;<\/p>\n<hr \/>\n<p>&nbsp;<\/p>\n","protected":false},"excerpt":{"rendered":"<p>El guapo caballo Honest tambi\u00e9n ha encontrado su \u00faltimo lugar y estamos muy felices por \u00e9l. Es un gran caballo con carisma, con un pedigr\u00ed impresionante, campione catal\u00e1n y excelente con el mejor movimiento y ahora puede ser un caballo de ocio y ense\u00f1anza. Felicitaciones a su comprador y mucha, mucha alegr\u00eda con este tipo fuerte. &nbsp; &nbsp;<\/p>\n","protected":false},"author":1,"featured_media":24600,"comment_status":"closed","ping_status":"open","sticky":false,"template":"","format":"standard","meta":{"footnotes":""},"categories":[1449],"tags":[],"class_list":["post-24615","post","type-post","status-publish","format-standard","has-post-thumbnail","hentry","category-tablon-de-anuncios"],"_links":{"self":[{"href":"https:\/\/barockundklassik.com\/es\/wp-json\/wp\/v2\/posts\/24615","targetHints":{"allow":["GET"]}}],"collection":[{"href":"https:\/\/barockundklassik.com\/es\/wp-json\/wp\/v2\/posts"}],"about":[{"href":"https:\/\/barockundklassik.com\/es\/wp-json\/wp\/v2\/types\/post"}],"author":[{"embeddable":true,"href":"https:\/\/barockundklassik.com\/es\/wp-json\/wp\/v2\/users\/1"}],"replies":[{"embeddable":true,"href":"https:\/\/barockundklassik.com\/es\/wp-json\/wp\/v2\/comments?post=24615"}],"version-history":[{"count":0,"href":"https:\/\/barockundklassik.com\/es\/wp-json\/wp\/v2\/posts\/24615\/revisions"}],"wp:featuredmedia":[{"embeddable":true,"href":"https:\/\/barockundklassik.com\/es\/wp-json\/wp\/v2\/media\/24600"}],"wp:attachment":[{"href":"https:\/\/barockundklassik.com\/es\/wp-json\/wp\/v2\/media?parent=24615"}],"wp:term":[{"taxonomy":"category","embeddable":true,"href":"https:\/\/barockundklassik.com\/es\/wp-json\/wp\/v2\/categories?post=24615"},{"taxonomy":"post_tag","embeddable":true,"href":"https:\/\/barockundklassik.com\/es\/wp-json\/wp\/v2\/tags?post=24615"}],"curies":[{"name":"wp","href":"https:\/\/api.w.org\/{rel}","templated":true}]}}