{"id":24802,"date":"2020-05-10T12:55:50","date_gmt":"2020-05-10T10:55:50","guid":{"rendered":"https:\/\/barockundklassik.com\/alles-gute-fuer-obstinado-und-seine-neue-besitzerin\/"},"modified":"2025-06-01T22:11:34","modified_gmt":"2025-06-01T20:11:34","slug":"felizidades-a-la-nueva-duena-de-obstinado","status":"publish","type":"post","link":"https:\/\/barockundklassik.com\/es\/felizidades-a-la-nueva-duena-de-obstinado\/","title":{"rendered":"Felizidades a la nueva due\u00f1a de Obstinado"},"content":{"rendered":"<p><span lang=\"es\">Estamos muy contentos de que Obstinado haya encontrado a su alma gemela. \u00a1Felicitaciones y gracias por estas maravillosas fotos profesionales! Obstinado nunca ha sido tan hermoso. <\/span><\/p>\n<p><span lang=\"es\">Un caballo que no puede ver lo suficiente y que, a pesar de la castraci\u00f3n, todav\u00eda tiene tanta expresi\u00f3n y fuego a la vista, pero al mismo tiempo exuda una maravillosa gentileza y calma.<\/span><\/p>\n<p>Actualizaci\u00f2n de Obstinado: <em>Cita: \u00abHe estado sonriendo en c\u00edrculo durante 2 semanas, \u00e9l est\u00e1 tan profundamente relajado!\u00bb<\/em><\/p>\n<p>&nbsp;<\/p>\n<hr \/>\n<div id='gallery-1' class='gallery galleryid-24802 gallery-columns-2 gallery-size-thumbnail'><dl class='gallery-item'>\n\t\t\t<dt class='gallery-icon landscape'>\n\t\t\t\t<a class=\"thumbnail\" href='https:\/\/barockundklassik.com\/wp-content\/uploads\/2025\/05\/obstinadosold01.jpg'><img loading=\"lazy\" decoding=\"async\" width=\"320\" height=\"250\" src=\"https:\/\/barockundklassik.com\/wp-content\/uploads\/2025\/05\/obstinadosold01-320x250.jpg\" class=\"attachment-thumbnail size-thumbnail\" alt=\"PRE Obstinado ehemaliges Verkaufspferd zeigt Pferd im Stehen von der Seite\" title=\"\"><\/a>\n\t\t\t<\/dt><\/dl><dl class='gallery-item'>\n\t\t\t<dt class='gallery-icon landscape'>\n\t\t\t\t<a class=\"thumbnail\" href='https:\/\/barockundklassik.com\/wp-content\/uploads\/2025\/05\/obstinadosold03.jpg'><img loading=\"lazy\" decoding=\"async\" width=\"320\" height=\"250\" src=\"https:\/\/barockundklassik.com\/wp-content\/uploads\/2025\/05\/obstinadosold03-320x250.jpg\" class=\"attachment-thumbnail size-thumbnail\" alt=\"PRE Obstinado ehemaliges Verkaufspferd Schimmel wei\u00df von der Seite Kopf\" title=\"\"><\/a>\n\t\t\t<\/dt><\/dl><br style=\"clear: both\" \/><dl class='gallery-item'>\n\t\t\t<dt class='gallery-icon landscape'>\n\t\t\t\t<a class=\"thumbnail\" href='https:\/\/barockundklassik.com\/wp-content\/uploads\/2025\/05\/obstinadohappyend05.jpg'><img loading=\"lazy\" decoding=\"async\" width=\"320\" height=\"250\" src=\"https:\/\/barockundklassik.com\/wp-content\/uploads\/2025\/05\/obstinadohappyend05-320x250.jpg\" class=\"attachment-thumbnail size-thumbnail\" alt=\"PRE Obstinado ehemaliges Verkaufspferd Sicht von Reiter zum Kopf und den Ohren\" title=\"\"><\/a>\n\t\t\t<\/dt><\/dl><dl class='gallery-item'>\n\t\t\t<dt class='gallery-icon portrait'>\n\t\t\t\t<a class=\"thumbnail\" href='https:\/\/barockundklassik.com\/wp-content\/uploads\/2025\/05\/obstinadohappyend04.jpg'><img loading=\"lazy\" decoding=\"async\" width=\"320\" height=\"250\" src=\"https:\/\/barockundklassik.com\/wp-content\/uploads\/2025\/05\/obstinadohappyend04-320x250.jpg\" class=\"attachment-thumbnail size-thumbnail\" alt=\"PRE Obstinado ehemaliges Verkaufspferd Reiterin schaut nach hinten und zeigt Top Daumen\" title=\"\"><\/a>\n\t\t\t<\/dt><\/dl><br style=\"clear: both\" \/>\n\t\t<\/div>\n\n<p>&nbsp;<\/p>\n<hr \/>\n<p>&nbsp;<\/p>\n","protected":false},"excerpt":{"rendered":"<p>Estamos muy contentos de que Obstinado haya encontrado a su alma gemela. \u00a1Felicitaciones y gracias por estas maravillosas fotos profesionales! Obstinado nunca ha sido tan hermoso. Un caballo que no puede ver lo suficiente y que, a pesar de la castraci\u00f3n, todav\u00eda tiene tanta expresi\u00f3n y fuego a la vista, pero al mismo tiempo exuda una maravillosa gentileza y calma. Actualizaci\u00f2n de Obstinado: Cita: \u00abHe estado sonriendo en c\u00edrculo durante 2 semanas, \u00e9l est\u00e1 tan profundamente relajado!\u00bb &nbsp; &nbsp; &nbsp;<\/p>\n","protected":false},"author":1,"featured_media":24787,"comment_status":"closed","ping_status":"open","sticky":false,"template":"","format":"standard","meta":{"footnotes":""},"categories":[1449],"tags":[],"class_list":["post-24802","post","type-post","status-publish","format-standard","has-post-thumbnail","hentry","category-tablon-de-anuncios"],"_links":{"self":[{"href":"https:\/\/barockundklassik.com\/es\/wp-json\/wp\/v2\/posts\/24802","targetHints":{"allow":["GET"]}}],"collection":[{"href":"https:\/\/barockundklassik.com\/es\/wp-json\/wp\/v2\/posts"}],"about":[{"href":"https:\/\/barockundklassik.com\/es\/wp-json\/wp\/v2\/types\/post"}],"author":[{"embeddable":true,"href":"https:\/\/barockundklassik.com\/es\/wp-json\/wp\/v2\/users\/1"}],"replies":[{"embeddable":true,"href":"https:\/\/barockundklassik.com\/es\/wp-json\/wp\/v2\/comments?post=24802"}],"version-history":[{"count":0,"href":"https:\/\/barockundklassik.com\/es\/wp-json\/wp\/v2\/posts\/24802\/revisions"}],"wp:featuredmedia":[{"embeddable":true,"href":"https:\/\/barockundklassik.com\/es\/wp-json\/wp\/v2\/media\/24787"}],"wp:attachment":[{"href":"https:\/\/barockundklassik.com\/es\/wp-json\/wp\/v2\/media?parent=24802"}],"wp:term":[{"taxonomy":"category","embeddable":true,"href":"https:\/\/barockundklassik.com\/es\/wp-json\/wp\/v2\/categories?post=24802"},{"taxonomy":"post_tag","embeddable":true,"href":"https:\/\/barockundklassik.com\/es\/wp-json\/wp\/v2\/tags?post=24802"}],"curies":[{"name":"wp","href":"https:\/\/api.w.org\/{rel}","templated":true}]}}