{"id":25517,"date":"2022-03-26T12:55:38","date_gmt":"2022-03-26T11:55:38","guid":{"rendered":"https:\/\/barockundklassik.com\/der-pferdestorch-war-auch-2022-puenktlich-in-sottrum-und\/"},"modified":"2025-05-12T15:30:21","modified_gmt":"2025-05-12T13:30:21","slug":"la-cigueena-de-caballos-tambien-estuvo-en-sottrum-a-tiempo-en-2022-y","status":"publish","type":"post","link":"https:\/\/barockundklassik.com\/es\/la-cigueena-de-caballos-tambien-estuvo-en-sottrum-a-tiempo-en-2022-y\/","title":{"rendered":"La cig\u00fce\u00f1a de caballos tambi\u00e9n estuvo en Sottrum a tiempo en 2022 y"},"content":{"rendered":"<p>\u2026\u2026\u2026\u2026\u2026.. nos trajo un hermoso potro de Lordanos\/Balou\/Lordpezi. Nuestra yegua estuvo genial como siempre y nos lo puso f\u00e1cil. A las 19:30 hab\u00eda llegado el momento y este bonito potrito vio la luz muy r\u00e1pido.<\/p>\n<p>Un chico fuerte, curioso, simp\u00e1tico, que ya es enorme y que sin duda llegar\u00e1 a medir 1,75. La yegua y el hijo est\u00e1n bien y estamos encantados.<\/p>\n<hr \/>\n<p><iframe loading=\"lazy\" width=\"560\" height=\"315\" frameborder=\"0\" src=\"https:\/\/www.youtube.com\/embed\/P_G4k4DR7KE?si=iMiG62Am7y-Pjxi8\"><\/iframe><\/p>\n<hr \/>\n<p>&nbsp;<\/p>\n","protected":false},"excerpt":{"rendered":"<p>\u2026\u2026\u2026\u2026\u2026.. nos trajo un hermoso potro de Lordanos\/Balou\/Lordpezi. Nuestra yegua estuvo genial como siempre y nos lo puso f\u00e1cil. A las 19:30 hab\u00eda llegado el momento y este bonito potrito vio la luz muy r\u00e1pido. Un chico fuerte, curioso, simp\u00e1tico, que ya es enorme y que sin duda llegar\u00e1 a medir 1,75. La yegua y el hijo est\u00e1n bien y estamos encantados. &nbsp;<\/p>\n","protected":false},"author":1,"featured_media":25510,"comment_status":"closed","ping_status":"open","sticky":false,"template":"","format":"standard","meta":{"footnotes":""},"categories":[1096],"tags":[],"class_list":["post-25517","post","type-post","status-publish","format-standard","has-post-thumbnail","hentry","category-nuevo"],"_links":{"self":[{"href":"https:\/\/barockundklassik.com\/es\/wp-json\/wp\/v2\/posts\/25517","targetHints":{"allow":["GET"]}}],"collection":[{"href":"https:\/\/barockundklassik.com\/es\/wp-json\/wp\/v2\/posts"}],"about":[{"href":"https:\/\/barockundklassik.com\/es\/wp-json\/wp\/v2\/types\/post"}],"author":[{"embeddable":true,"href":"https:\/\/barockundklassik.com\/es\/wp-json\/wp\/v2\/users\/1"}],"replies":[{"embeddable":true,"href":"https:\/\/barockundklassik.com\/es\/wp-json\/wp\/v2\/comments?post=25517"}],"version-history":[{"count":0,"href":"https:\/\/barockundklassik.com\/es\/wp-json\/wp\/v2\/posts\/25517\/revisions"}],"wp:featuredmedia":[{"embeddable":true,"href":"https:\/\/barockundklassik.com\/es\/wp-json\/wp\/v2\/media\/25510"}],"wp:attachment":[{"href":"https:\/\/barockundklassik.com\/es\/wp-json\/wp\/v2\/media?parent=25517"}],"wp:term":[{"taxonomy":"category","embeddable":true,"href":"https:\/\/barockundklassik.com\/es\/wp-json\/wp\/v2\/categories?post=25517"},{"taxonomy":"post_tag","embeddable":true,"href":"https:\/\/barockundklassik.com\/es\/wp-json\/wp\/v2\/tags?post=25517"}],"curies":[{"name":"wp","href":"https:\/\/api.w.org\/{rel}","templated":true}]}}