{"id":25539,"date":"2022-03-22T13:09:30","date_gmt":"2022-03-22T12:09:30","guid":{"rendered":"https:\/\/barockundklassik.com\/heute-moechten-wir-es-einmal-ein-bisschen-spannend-machen-und\/"},"modified":"2025-05-12T15:40:06","modified_gmt":"2025-05-12T13:40:06","slug":"hoy-nos-gustaria-hacerlo-un-poco-mas-emocionante-y","status":"publish","type":"post","link":"https:\/\/barockundklassik.com\/es\/hoy-nos-gustaria-hacerlo-un-poco-mas-emocionante-y\/","title":{"rendered":"Hoy nos gustar\u00eda hacerlo un poco m\u00e1s emocionante y"},"content":{"rendered":"<p><span class=\"HwtZe\" lang=\"es\"><span class=\"jCAhz ChMk0b\"><span class=\"ryNqvb\">\u2026\u2026\u2026\u2026\u2026\u2026\u2026\u2026\u2026.. Les presentamos las preciosas caras de los \u00faltimos 3 reci\u00e9n llegados.<\/span><\/span> <span class=\"jCAhz ChMk0b\"><span class=\"ryNqvb\">Hasta ahora, podemos contarles mucho: hay desde j\u00f3venes hasta un poco mayores y bien entrenados.<\/span><\/span> <span class=\"jCAhz ChMk0b\"><span class=\"ryNqvb\">Montamos los 3 hermosos caballos todos los d\u00edas y en los pr\u00f3ximos d\u00edas presentaremos cada uno individualmente con nuevas fotos.<\/span><\/span> <span class=\"jCAhz ChMk0b\"><span class=\"ryNqvb\">As\u00ed que no olviden pasar de nuevo, porque 3 maravillosos reci\u00e9n llegados a Alemania los esperan.<\/span><\/span><\/span><\/p>\n<hr \/>\n<div id='gallery-1' class='gallery galleryid-25539 gallery-columns-2 gallery-size-thumbnail'><dl class='gallery-item'>\n\t\t\t<dt class='gallery-icon landscape'>\n\t\t\t\t<a class=\"thumbnail\" href='https:\/\/barockundklassik.com\/wp-content\/uploads\/2025\/05\/faces06.jpg'><img loading=\"lazy\" decoding=\"async\" width=\"320\" height=\"250\" src=\"https:\/\/barockundklassik.com\/wp-content\/uploads\/2025\/05\/faces06-320x250.jpg\" class=\"attachment-thumbnail size-thumbnail\" alt=\"Andalusier Palomino mit Reiter zeigt Kopf des Pferdes\" title=\"\"><\/a>\n\t\t\t<\/dt><\/dl><dl class='gallery-item'>\n\t\t\t<dt class='gallery-icon portrait'>\n\t\t\t\t<a class=\"thumbnail\" href='https:\/\/barockundklassik.com\/wp-content\/uploads\/2025\/05\/faces03.jpg'><img loading=\"lazy\" decoding=\"async\" width=\"320\" height=\"250\" src=\"https:\/\/barockundklassik.com\/wp-content\/uploads\/2025\/05\/faces03-320x250.jpg\" class=\"attachment-thumbnail size-thumbnail\" alt=\"Zeigt Pferdekopf eines Andalusiers in Dunkelbuckskin\" title=\"\"><\/a>\n\t\t\t<\/dt><\/dl><br style=\"clear: both\" \/><dl class='gallery-item'>\n\t\t\t<dt class='gallery-icon portrait'>\n\t\t\t\t<a class=\"thumbnail\" href='https:\/\/barockundklassik.com\/wp-content\/uploads\/2025\/05\/faces02.jpg'><img loading=\"lazy\" decoding=\"async\" width=\"320\" height=\"250\" src=\"https:\/\/barockundklassik.com\/wp-content\/uploads\/2025\/05\/faces02-320x250.jpg\" class=\"attachment-thumbnail size-thumbnail\" alt=\"Pferdekopf mit Zaumzeug Andalusier Schimmel\" title=\"\"><\/a>\n\t\t\t<\/dt><\/dl><dl class='gallery-item'>\n\t\t\t<dt class='gallery-icon portrait'>\n\t\t\t\t<a class=\"thumbnail\" href='https:\/\/barockundklassik.com\/wp-content\/uploads\/2025\/05\/faces01.jpg'><img loading=\"lazy\" decoding=\"async\" width=\"320\" height=\"250\" src=\"https:\/\/barockundklassik.com\/wp-content\/uploads\/2025\/05\/faces01-320x250.jpg\" class=\"attachment-thumbnail size-thumbnail\" alt=\"Pferdekopf mit Zaumzeug Andalusier Schimmel\" title=\"\"><\/a>\n\t\t\t<\/dt><\/dl><br style=\"clear: both\" \/>\n\t\t<\/div>\n\n<hr \/>\n<p>&nbsp;<\/p>\n","protected":false},"excerpt":{"rendered":"<p>\u2026\u2026\u2026\u2026\u2026\u2026\u2026\u2026\u2026.. Les presentamos las preciosas caras de los \u00faltimos 3 reci\u00e9n llegados. Hasta ahora, podemos contarles mucho: hay desde j\u00f3venes hasta un poco mayores y bien entrenados. Montamos los 3 hermosos caballos todos los d\u00edas y en los pr\u00f3ximos d\u00edas presentaremos cada uno individualmente con nuevas fotos. As\u00ed que no olviden pasar de nuevo, porque 3 maravillosos reci\u00e9n llegados a Alemania los esperan. &nbsp;<\/p>\n","protected":false},"author":1,"featured_media":25524,"comment_status":"closed","ping_status":"open","sticky":false,"template":"","format":"standard","meta":{"footnotes":""},"categories":[1096],"tags":[],"class_list":["post-25539","post","type-post","status-publish","format-standard","has-post-thumbnail","hentry","category-nuevo"],"_links":{"self":[{"href":"https:\/\/barockundklassik.com\/es\/wp-json\/wp\/v2\/posts\/25539","targetHints":{"allow":["GET"]}}],"collection":[{"href":"https:\/\/barockundklassik.com\/es\/wp-json\/wp\/v2\/posts"}],"about":[{"href":"https:\/\/barockundklassik.com\/es\/wp-json\/wp\/v2\/types\/post"}],"author":[{"embeddable":true,"href":"https:\/\/barockundklassik.com\/es\/wp-json\/wp\/v2\/users\/1"}],"replies":[{"embeddable":true,"href":"https:\/\/barockundklassik.com\/es\/wp-json\/wp\/v2\/comments?post=25539"}],"version-history":[{"count":0,"href":"https:\/\/barockundklassik.com\/es\/wp-json\/wp\/v2\/posts\/25539\/revisions"}],"wp:featuredmedia":[{"embeddable":true,"href":"https:\/\/barockundklassik.com\/es\/wp-json\/wp\/v2\/media\/25524"}],"wp:attachment":[{"href":"https:\/\/barockundklassik.com\/es\/wp-json\/wp\/v2\/media?parent=25539"}],"wp:term":[{"taxonomy":"category","embeddable":true,"href":"https:\/\/barockundklassik.com\/es\/wp-json\/wp\/v2\/categories?post=25539"},{"taxonomy":"post_tag","embeddable":true,"href":"https:\/\/barockundklassik.com\/es\/wp-json\/wp\/v2\/tags?post=25539"}],"curies":[{"name":"wp","href":"https:\/\/api.w.org\/{rel}","templated":true}]}}