{"id":25929,"date":"2021-02-08T14:12:43","date_gmt":"2021-02-08T13:12:43","guid":{"rendered":"https:\/\/barockundklassik.com\/winterzeit-in-sottrum-und-die-pferde-nehmen-es-gelassen\/"},"modified":"2025-05-13T12:37:17","modified_gmt":"2025-05-13T10:37:17","slug":"invierno-en-sottrum-y-los-caballos-se-lo-toman-con-calma","status":"publish","type":"post","link":"https:\/\/barockundklassik.com\/es\/invierno-en-sottrum-y-los-caballos-se-lo-toman-con-calma\/","title":{"rendered":"Invierno en Sottrum, y los caballos se lo toman con calma"},"content":{"rendered":"<p>Ahora est\u00e1 aqu\u00ed, el inicio del invierno: febrero siempre ha sido duro. Pero quien se lo toma con m\u00e1s tranquilidad son los caballos. A pesar de la nieve en la espalda y all\u00ed se puede ver de nuevo lo bien que a\u00edsla el pelaje del caballo, se come con deleite. Todos los caballos en sus boxes est\u00e1n bien y tambi\u00e9n los caballos pensionistas y el frio y la nieve no les molesta en absoluto.<\/p>\n<p>Por supuesto, el payaso Morfeo tiene que tomar unos bocados del esplendor blanco. Nunca lo ha visto de Andaluc\u00eda, de donde viene, y ahora tambi\u00e9n sabe que no gusta bien.<\/p>\n<p>Mientras tanto, el entero Deadalus disfruta de un extenso ba\u00f1o de arena. \u00a1Oh, un domingo de invierno as\u00ed es maravilloso! Idilio puro, animales relajados, todo el mundo lo est\u00e1 haciendo m\u00e1s que bien.<\/p>\n<hr \/>\n<p><iframe loading=\"lazy\" width=\"560\" height=\"315\" frameborder=\"0\" src=\"https:\/\/www.youtube.com\/embed\/4wc0XnJs-Uo?si=3OTpCNURQGNtqwbs\"><\/iframe><\/p>\n<hr \/>\n<p>&nbsp;<\/p>\n","protected":false},"excerpt":{"rendered":"<p>Ahora est\u00e1 aqu\u00ed, el inicio del invierno: febrero siempre ha sido duro. Pero quien se lo toma con m\u00e1s tranquilidad son los caballos. A pesar de la nieve en la espalda y all\u00ed se puede ver de nuevo lo bien que a\u00edsla el pelaje del caballo, se come con deleite. Todos los caballos en sus boxes est\u00e1n bien y tambi\u00e9n los caballos pensionistas y el frio y la nieve no les molesta en absoluto. Por supuesto, el payaso Morfeo tiene que tomar unos bocados del esplendor blanco. Nunca lo ha visto de Andaluc\u00eda, de donde viene, y ahora tambi\u00e9n sabe &hellip; <a href=\"https:\/\/barockundklassik.com\/es\/invierno-en-sottrum-y-los-caballos-se-lo-toman-con-calma\/\">Continued<\/a><\/p>\n","protected":false},"author":1,"featured_media":25924,"comment_status":"closed","ping_status":"open","sticky":false,"template":"","format":"standard","meta":{"footnotes":""},"categories":[1096],"tags":[],"class_list":["post-25929","post","type-post","status-publish","format-standard","has-post-thumbnail","hentry","category-nuevo"],"_links":{"self":[{"href":"https:\/\/barockundklassik.com\/es\/wp-json\/wp\/v2\/posts\/25929","targetHints":{"allow":["GET"]}}],"collection":[{"href":"https:\/\/barockundklassik.com\/es\/wp-json\/wp\/v2\/posts"}],"about":[{"href":"https:\/\/barockundklassik.com\/es\/wp-json\/wp\/v2\/types\/post"}],"author":[{"embeddable":true,"href":"https:\/\/barockundklassik.com\/es\/wp-json\/wp\/v2\/users\/1"}],"replies":[{"embeddable":true,"href":"https:\/\/barockundklassik.com\/es\/wp-json\/wp\/v2\/comments?post=25929"}],"version-history":[{"count":0,"href":"https:\/\/barockundklassik.com\/es\/wp-json\/wp\/v2\/posts\/25929\/revisions"}],"wp:featuredmedia":[{"embeddable":true,"href":"https:\/\/barockundklassik.com\/es\/wp-json\/wp\/v2\/media\/25924"}],"wp:attachment":[{"href":"https:\/\/barockundklassik.com\/es\/wp-json\/wp\/v2\/media?parent=25929"}],"wp:term":[{"taxonomy":"category","embeddable":true,"href":"https:\/\/barockundklassik.com\/es\/wp-json\/wp\/v2\/categories?post=25929"},{"taxonomy":"post_tag","embeddable":true,"href":"https:\/\/barockundklassik.com\/es\/wp-json\/wp\/v2\/tags?post=25929"}],"curies":[{"name":"wp","href":"https:\/\/api.w.org\/{rel}","templated":true}]}}