{"id":25941,"date":"2021-01-12T12:17:56","date_gmt":"2021-01-12T11:17:56","guid":{"rendered":"https:\/\/barockundklassik.com\/warum-kann-ein-pferd-einfach-nur-mal-nichts-haben\/"},"modified":"2025-05-13T12:31:32","modified_gmt":"2025-05-13T10:31:32","slug":"por-que-un-caballo-puede-tener-nada","status":"publish","type":"post","link":"https:\/\/barockundklassik.com\/es\/por-que-un-caballo-puede-tener-nada\/","title":{"rendered":"\u00bfPor qu\u00e9 un caballo puede tener \u00abNADA\u00bb?"},"content":{"rendered":"<p>Encontramos este divertido art\u00edculo en Internet y lo encontramos tan apropiado que nos gustar\u00eda compartirlo con usted:<\/p>\n<p>Si el caballo no avanza, debe ser el cereal equivocado, hay uno nuevo tan bueno garantizado sin avena.<\/p>\n<p>Si tu caballo tiene n\u00e1useas, prueba el bocado de forma anat\u00f3mica por 250 \u20ac.<\/p>\n<p>Si las cosas salen mal de un lado que del otro, no se debe de ninguna manera al sesgo natural, sino a que la \u00faltima visita al ostheofat y al acupunturista fue hace demasiado tiempo.<\/p>\n<p>Hablando de eso, uno de los natur\u00f3patas ciertamente tambi\u00e9n puede conmutar el mal pasado de su caballo.<\/p>\n<p>El hecho de que a veces suba o no levante la pezu\u00f1a trasera izquierda, en cualquier caso, no es culpa de su crianza, sino un problema profundo del alma, que puede tratarse con perdigones y un entrenador de equitaci\u00f3n.<\/p>\n<p>Por cierto, su silla dificulta la actividad de la espalda de su caballo: compre una nueva. Con piel de serpiente. O sin \u00e1rboles. O completamente sin \u00e9l. A\u00fan mejor, simplemente no conduzcas en absoluto, desarrollar m\u00fasculos montando es un cuento de hadas de todos modos. Esto solo se puede hacer lanz\u00e1ndose durante semanas, preferiblemente desatado, porque el Hoppemax no debe estar atado, \u00a1pecado!<\/p>\n<p>Aunque no puedo imaginar eso, pero si no has progresado en la conducci\u00f3n despu\u00e9s de un a\u00f1o a pesar de todas las medidas, no inviertas tu dinero en lecciones de conducci\u00f3n, recuerda el p\u00e9ndulo.<\/p>\n<p>El color favorito de tu caballo es el rosa ne\u00f3n, \u00bftal vez una nueva almohadilla te ayude? Si no es as\u00ed: tenga cuidado al elegir un instructor de equitaci\u00f3n. En cualquier caso, solo debe elogiar sus lados buenos y criticar como m\u00e1ximo la selecci\u00f3n de almohadillas \/ vendas \/ polainas. Adem\u00e1s, despu\u00e9s de tres lecciones, ya deber\u00eda notar un aumento significativo del nivel E al M. Y en tercer lugar, no deber\u00eda llevarse m\u00e1s de diez euros, todo lo dem\u00e1s es una estafa.<\/p>\n<p>En este sentido: es genial que haya tantas opciones, pero a veces solo la conducci\u00f3n, el ser cr\u00edtico y el poder de permanencia ayudan.<\/p>\n<hr \/>\n<p>&nbsp;<\/p>\n","protected":false},"excerpt":{"rendered":"<p>Encontramos este divertido art\u00edculo en Internet y lo encontramos tan apropiado que nos gustar\u00eda compartirlo con usted: Si el caballo no avanza, debe ser el cereal equivocado, hay uno nuevo tan bueno garantizado sin avena. Si tu caballo tiene n\u00e1useas, prueba el bocado de forma anat\u00f3mica por 250 \u20ac. Si las cosas salen mal de un lado que del otro, no se debe de ninguna manera al sesgo natural, sino a que la \u00faltima visita al ostheofat y al acupunturista fue hace demasiado tiempo. Hablando de eso, uno de los natur\u00f3patas ciertamente tambi\u00e9n puede conmutar el mal pasado de su &hellip; <a href=\"https:\/\/barockundklassik.com\/es\/por-que-un-caballo-puede-tener-nada\/\">Continued<\/a><\/p>\n","protected":false},"author":1,"featured_media":25936,"comment_status":"closed","ping_status":"open","sticky":false,"template":"","format":"standard","meta":{"footnotes":""},"categories":[1096],"tags":[],"class_list":["post-25941","post","type-post","status-publish","format-standard","has-post-thumbnail","hentry","category-nuevo"],"_links":{"self":[{"href":"https:\/\/barockundklassik.com\/es\/wp-json\/wp\/v2\/posts\/25941","targetHints":{"allow":["GET"]}}],"collection":[{"href":"https:\/\/barockundklassik.com\/es\/wp-json\/wp\/v2\/posts"}],"about":[{"href":"https:\/\/barockundklassik.com\/es\/wp-json\/wp\/v2\/types\/post"}],"author":[{"embeddable":true,"href":"https:\/\/barockundklassik.com\/es\/wp-json\/wp\/v2\/users\/1"}],"replies":[{"embeddable":true,"href":"https:\/\/barockundklassik.com\/es\/wp-json\/wp\/v2\/comments?post=25941"}],"version-history":[{"count":0,"href":"https:\/\/barockundklassik.com\/es\/wp-json\/wp\/v2\/posts\/25941\/revisions"}],"wp:featuredmedia":[{"embeddable":true,"href":"https:\/\/barockundklassik.com\/es\/wp-json\/wp\/v2\/media\/25936"}],"wp:attachment":[{"href":"https:\/\/barockundklassik.com\/es\/wp-json\/wp\/v2\/media?parent=25941"}],"wp:term":[{"taxonomy":"category","embeddable":true,"href":"https:\/\/barockundklassik.com\/es\/wp-json\/wp\/v2\/categories?post=25941"},{"taxonomy":"post_tag","embeddable":true,"href":"https:\/\/barockundklassik.com\/es\/wp-json\/wp\/v2\/tags?post=25941"}],"curies":[{"name":"wp","href":"https:\/\/api.w.org\/{rel}","templated":true}]}}