{"id":26912,"date":"2020-03-22T13:43:23","date_gmt":"2020-03-22T12:43:23","guid":{"rendered":"https:\/\/barockundklassik.com\/corona-und-entschleunigung-unseres-lebens\/"},"modified":"2025-06-01T22:18:41","modified_gmt":"2025-06-01T20:18:41","slug":"corona-y-desaceleracion-de-nuestras-vidas","status":"publish","type":"post","link":"https:\/\/barockundklassik.com\/es\/corona-y-desaceleracion-de-nuestras-vidas\/","title":{"rendered":"\u00bfCorona y desaceleraci\u00f3n de nuestras vidas?"},"content":{"rendered":"<p><span lang=\"es\">Nosotros tambi\u00e9n estamos observando el desarrollo mundial del Virus Corona con gran preocupaci\u00f3n. Los efectos en la salud con las muchas muertes en Italia y Espa\u00f1a y con nosotros en Alemania se pueden rastrear a diario, pero los efectos econ\u00f3micos en toda Alemania, en todo el mundo y, sobre todo, tambi\u00e9n en nosotros y nuestra empresa no se pueden cuantificar en absoluto. <\/span><\/p>\n<p>Deber\u00edamos <strong>\u00abquedarnos en casa\u00bb<\/strong> restringir nuestros <strong>\u00abcontactos sociales\u00bb<\/strong> e incluso ganar algo positivo de la situaci\u00f3n, <strong>\u00abtener m\u00e1s tiempo para nosotros y nuestra familia\u00bb<\/strong> y el t\u00e9rmino <strong>\u00abdesacelerar nuestras vidas\u00bb<\/strong> se menciona cada vez m\u00e1s en los medios de comunicaci\u00f3n.<\/p>\n<p><span lang=\"es\">Bueno, nosotros los caballos conocemos muy bien la desaceleraci\u00f3n de la vida. \u00bfNo trae eso nuestro pasatiempo, o nuestra profesi\u00f3n y amor por los caballos, con nosotros todos los d\u00edas? Nosotros tambi\u00e9n, que trabajamos profesionalmente con los caballos, \u00abdisminuimos la velocidad\u00bb todos los d\u00edas. En la ma\u00f1ana a las 6 a.m., cuando nos saludan felices relinchando cuando las luces se encienden en el establo, el resoplido de los caballos, la expectativa excitada de su alimentaci\u00f3n y, finalmente, cuando docenas de caballos disfrutan de comer, la pintura de los dientes, el resoplido \u2026<\/span><\/p>\n<p><span lang=\"es\">Tambi\u00e9n nos desaceleramos cuando vemos a los sementales de dos a\u00f1os en el pasto mientras est\u00e1n felices, corren orgullosamente por el prado e imaginamos que estos ni\u00f1os pronto se convertir\u00e1n en caballos de equitaci\u00f3n, caballos de torneo.<\/span><\/p>\n<div class=\"oSioSc\">\n<div id=\"tw-target\">\n<div class=\"Vyy3r\"><span lang=\"es\">Estamos a\u00fan m\u00e1s \u00abrelajados\u00bb cuando visitamos a la potra de 24 horas en nuestra yegua pony alemana. Cu\u00e1n confiado y curioso es este peque\u00f1o potro. Estamos casi celosos porque la ni\u00f1a no sabe nada sobre nuestra precaria situaci\u00f3n y nuestras preocupaciones.<\/span><\/div>\n<\/div>\n<\/div>\n<p><span lang=\"es\">A pesar del trabajo diario, la preparaci\u00f3n, nunca hemos perdido la alegr\u00eda y estamos contentos con cada progreso de nuestros caballos e incluso una parada o un paso atr\u00e1s no nos desalienta, a veces solo tienes que dar un paso o dos atr\u00e1s en el entrenamiento y luego dar un gran paso atr\u00e1s para poder hacer en el frente.<\/span><\/p>\n<p><span lang=\"es\">Tambi\u00e9n estamos \u00abretrasados\u00bb en nuestro paseo dominical. El bosque, la calma y los sonidos de las patadas de nuestros caballos, son sentimientos de felicidad. En este sentido, nunca es demasiado tarde para comenzar a montar y especialmente en este momento dif\u00edcil y estresante, cuando lo tenemos detr\u00e1s, uno u otro debe comenzar a montar porque hay mucho m\u00e1s que solo deporte y finalmente todos podemos usar una \u00abdesaceleraci\u00f3n de nuestra vida\u00bb regular.<\/span><\/p>\n<p><strong>Rietbrock-Pferde Team<\/strong><\/p>\n<hr \/>\n<div id='gallery-1' class='gallery galleryid-26912 gallery-columns-2 gallery-size-thumbnail'><dl class='gallery-item'>\n\t\t\t<dt class='gallery-icon portrait'>\n\t\t\t\t<a class=\"thumbnail\" href='https:\/\/barockundklassik.com\/wp-content\/uploads\/2025\/05\/ausreiten-1.jpg'><img loading=\"lazy\" decoding=\"async\" width=\"320\" height=\"250\" src=\"https:\/\/barockundklassik.com\/wp-content\/uploads\/2025\/05\/ausreiten-1-320x250.jpg\" class=\"attachment-thumbnail size-thumbnail\" alt=\"PRE Schimmel mit PRE Buckskin beim Ausreiten\" aria-describedby=\"gallery-1-26906\" title=\"\"><\/a>\n\t\t\t<\/dt>\n\t\t\t\t<dd class='wp-caption-text gallery-caption' id='gallery-1-26906'>\n\t\t\t\tPRE Schimmel mit PRE Buckskin beim Ausreiten\n\t\t\t\t<\/dd><\/dl><dl class='gallery-item'>\n\t\t\t<dt class='gallery-icon portrait'>\n\t\t\t\t<a class=\"thumbnail\" href='https:\/\/barockundklassik.com\/wp-content\/uploads\/2025\/05\/ausreiten02.jpg'><img loading=\"lazy\" decoding=\"async\" width=\"320\" height=\"250\" src=\"https:\/\/barockundklassik.com\/wp-content\/uploads\/2025\/05\/ausreiten02-320x250.jpg\" class=\"attachment-thumbnail size-thumbnail\" alt=\"Spanier Buckskin mit Bierglas\" title=\"\"><\/a>\n\t\t\t<\/dt><\/dl><br style=\"clear: both\" \/>\n\t\t<\/div>\n\n<p>&nbsp;<\/p>\n<hr \/>\n<p><iframe loading=\"lazy\" width=\"560\" height=\"315\" frameborder=\"0\" src=\"https:\/\/www.youtube.com\/embed\/jARvlJd9iHs?si=BxIjgn2jyunKdw_K\"><\/iframe><\/p>\n<hr \/>\n<p><iframe loading=\"lazy\" width=\"560\" height=\"315\" frameborder=\"0\" src=\"https:\/\/www.youtube.com\/embed\/tFGx1TecKsQ?si=uNw8jBY6CDj-8uhv\"><\/iframe><\/p>\n<hr \/>\n<p>&nbsp;<\/p>\n","protected":false},"excerpt":{"rendered":"<p>Nosotros tambi\u00e9n estamos observando el desarrollo mundial del Virus Corona con gran preocupaci\u00f3n. Los efectos en la salud con las muchas muertes en Italia y Espa\u00f1a y con nosotros en Alemania se pueden rastrear a diario, pero los efectos econ\u00f3micos en toda Alemania, en todo el mundo y, sobre todo, tambi\u00e9n en nosotros y nuestra empresa no se pueden cuantificar en absoluto. Deber\u00edamos \u00abquedarnos en casa\u00bb restringir nuestros \u00abcontactos sociales\u00bb e incluso ganar algo positivo de la situaci\u00f3n, \u00abtener m\u00e1s tiempo para nosotros y nuestra familia\u00bb y el t\u00e9rmino \u00abdesacelerar nuestras vidas\u00bb se menciona cada vez m\u00e1s en los medios &hellip; <a href=\"https:\/\/barockundklassik.com\/es\/corona-y-desaceleracion-de-nuestras-vidas\/\">Continued<\/a><\/p>\n","protected":false},"author":1,"featured_media":26903,"comment_status":"closed","ping_status":"open","sticky":false,"template":"","format":"standard","meta":{"footnotes":""},"categories":[1096],"tags":[],"class_list":["post-26912","post","type-post","status-publish","format-standard","has-post-thumbnail","hentry","category-nuevo"],"_links":{"self":[{"href":"https:\/\/barockundklassik.com\/es\/wp-json\/wp\/v2\/posts\/26912","targetHints":{"allow":["GET"]}}],"collection":[{"href":"https:\/\/barockundklassik.com\/es\/wp-json\/wp\/v2\/posts"}],"about":[{"href":"https:\/\/barockundklassik.com\/es\/wp-json\/wp\/v2\/types\/post"}],"author":[{"embeddable":true,"href":"https:\/\/barockundklassik.com\/es\/wp-json\/wp\/v2\/users\/1"}],"replies":[{"embeddable":true,"href":"https:\/\/barockundklassik.com\/es\/wp-json\/wp\/v2\/comments?post=26912"}],"version-history":[{"count":0,"href":"https:\/\/barockundklassik.com\/es\/wp-json\/wp\/v2\/posts\/26912\/revisions"}],"wp:featuredmedia":[{"embeddable":true,"href":"https:\/\/barockundklassik.com\/es\/wp-json\/wp\/v2\/media\/26903"}],"wp:attachment":[{"href":"https:\/\/barockundklassik.com\/es\/wp-json\/wp\/v2\/media?parent=26912"}],"wp:term":[{"taxonomy":"category","embeddable":true,"href":"https:\/\/barockundklassik.com\/es\/wp-json\/wp\/v2\/categories?post=26912"},{"taxonomy":"post_tag","embeddable":true,"href":"https:\/\/barockundklassik.com\/es\/wp-json\/wp\/v2\/tags?post=26912"}],"curies":[{"name":"wp","href":"https:\/\/api.w.org\/{rel}","templated":true}]}}