{"id":26923,"date":"2020-03-18T13:47:51","date_gmt":"2020-03-18T12:47:51","guid":{"rendered":"https:\/\/barockundklassik.com\/keine-transporte-von-spanien-nach-deutschland-moeglich\/"},"modified":"2025-06-01T22:21:07","modified_gmt":"2025-06-01T20:21:07","slug":"no-transporte-de-caballos-de-espana-a-alemania","status":"publish","type":"post","link":"https:\/\/barockundklassik.com\/es\/no-transporte-de-caballos-de-espana-a-alemania\/","title":{"rendered":"No transporte de caballos de Espa\u00f1a a Alemania"},"content":{"rendered":"<p><span lang=\"es\">Debido a la ocasi\u00f3n y porque constantemente recibimos consultas, nos gustar\u00eda anunciar oficialmente que desde el domingo 15 de marzo de 2020 hasta al menos el 31 de marzo de 2020, NO es posible realizar transportes desde Espa\u00f1a a Alemania u otro pa\u00eds europeo. Podemos asegurar a todos que se tomar\u00e1n las mejores precauciones para garantizar que los caballos est\u00e9n bien en sus establos en Espa\u00f1a. Tan pronto como los transportes sean posibles nuevamente, haremos que traigan los caballos a Alemania u otro pa\u00eds de la UE como de costumbre, de manera segura y con las paradas legalmente estipuladas.<\/span><\/p>\n<hr \/>\n<p>&nbsp;<\/p>\n","protected":false},"excerpt":{"rendered":"<p>Debido a la ocasi\u00f3n y porque constantemente recibimos consultas, nos gustar\u00eda anunciar oficialmente que desde el domingo 15 de marzo de 2020 hasta al menos el 31 de marzo de 2020, NO es posible realizar transportes desde Espa\u00f1a a Alemania u otro pa\u00eds europeo. Podemos asegurar a todos que se tomar\u00e1n las mejores precauciones para garantizar que los caballos est\u00e9n bien en sus establos en Espa\u00f1a. Tan pronto como los transportes sean posibles nuevamente, haremos que traigan los caballos a Alemania u otro pa\u00eds de la UE como de costumbre, de manera segura y con las paradas legalmente estipuladas. &nbsp;<\/p>\n","protected":false},"author":1,"featured_media":26920,"comment_status":"closed","ping_status":"open","sticky":false,"template":"","format":"standard","meta":{"footnotes":""},"categories":[1096],"tags":[],"class_list":["post-26923","post","type-post","status-publish","format-standard","has-post-thumbnail","hentry","category-nuevo"],"_links":{"self":[{"href":"https:\/\/barockundklassik.com\/es\/wp-json\/wp\/v2\/posts\/26923","targetHints":{"allow":["GET"]}}],"collection":[{"href":"https:\/\/barockundklassik.com\/es\/wp-json\/wp\/v2\/posts"}],"about":[{"href":"https:\/\/barockundklassik.com\/es\/wp-json\/wp\/v2\/types\/post"}],"author":[{"embeddable":true,"href":"https:\/\/barockundklassik.com\/es\/wp-json\/wp\/v2\/users\/1"}],"replies":[{"embeddable":true,"href":"https:\/\/barockundklassik.com\/es\/wp-json\/wp\/v2\/comments?post=26923"}],"version-history":[{"count":0,"href":"https:\/\/barockundklassik.com\/es\/wp-json\/wp\/v2\/posts\/26923\/revisions"}],"wp:featuredmedia":[{"embeddable":true,"href":"https:\/\/barockundklassik.com\/es\/wp-json\/wp\/v2\/media\/26920"}],"wp:attachment":[{"href":"https:\/\/barockundklassik.com\/es\/wp-json\/wp\/v2\/media?parent=26923"}],"wp:term":[{"taxonomy":"category","embeddable":true,"href":"https:\/\/barockundklassik.com\/es\/wp-json\/wp\/v2\/categories?post=26923"},{"taxonomy":"post_tag","embeddable":true,"href":"https:\/\/barockundklassik.com\/es\/wp-json\/wp\/v2\/tags?post=26923"}],"curies":[{"name":"wp","href":"https:\/\/api.w.org\/{rel}","templated":true}]}}