{"id":26933,"date":"2020-03-18T13:55:13","date_gmt":"2020-03-18T12:55:13","guid":{"rendered":"https:\/\/barockundklassik.com\/spanische-pfuetzenschweinchen-in-ihrem-element\/"},"modified":"2025-06-01T22:19:44","modified_gmt":"2025-06-01T20:19:44","slug":"charcos-espanoles-en-su-elemento","status":"publish","type":"post","link":"https:\/\/barockundklassik.com\/es\/charcos-espanoles-en-su-elemento\/","title":{"rendered":"Caballos espa\u00f1oles disfrutando de los charcos"},"content":{"rendered":"<p><span lang=\"es\">Obstinado y Bolero se han aclimatado muy r\u00e1pidamente y ya aprecian las ventajas de los charcos alemanes. Tal ba\u00f1o de charcos ahora es definitivamente parte de su programa de Spa, especialmente si el personal se asegura de que pueda cubrir su caja nuevamente con piel limpia. <\/span><\/p>\n<p><span lang=\"es\">Corona est\u00e0 en todo el mundo ahora, el impacto econ\u00f3mico es impredecible, pero gracias a Dios nuestros animales est\u00e1n exentos.<\/span><\/p>\n<hr \/>\n<p><iframe loading=\"lazy\" width=\"560\" height=\"315\" frameborder=\"0\" src=\"https:\/\/www.youtube.com\/embed\/hxpv32Hkz5o?si=YgS0c0LFL6lqlsIM\"><\/iframe><\/p>\n<p>&nbsp;<\/p>\n<hr \/>\n<p>&nbsp;<\/p>\n","protected":false},"excerpt":{"rendered":"<p>Obstinado y Bolero se han aclimatado muy r\u00e1pidamente y ya aprecian las ventajas de los charcos alemanes. Tal ba\u00f1o de charcos ahora es definitivamente parte de su programa de Spa, especialmente si el personal se asegura de que pueda cubrir su caja nuevamente con piel limpia. Corona est\u00e0 en todo el mundo ahora, el impacto econ\u00f3mico es impredecible, pero gracias a Dios nuestros animales est\u00e1n exentos. &nbsp; &nbsp;<\/p>\n","protected":false},"author":1,"featured_media":26930,"comment_status":"closed","ping_status":"open","sticky":false,"template":"","format":"standard","meta":{"footnotes":""},"categories":[1096],"tags":[],"class_list":["post-26933","post","type-post","status-publish","format-standard","has-post-thumbnail","hentry","category-nuevo"],"_links":{"self":[{"href":"https:\/\/barockundklassik.com\/es\/wp-json\/wp\/v2\/posts\/26933","targetHints":{"allow":["GET"]}}],"collection":[{"href":"https:\/\/barockundklassik.com\/es\/wp-json\/wp\/v2\/posts"}],"about":[{"href":"https:\/\/barockundklassik.com\/es\/wp-json\/wp\/v2\/types\/post"}],"author":[{"embeddable":true,"href":"https:\/\/barockundklassik.com\/es\/wp-json\/wp\/v2\/users\/1"}],"replies":[{"embeddable":true,"href":"https:\/\/barockundklassik.com\/es\/wp-json\/wp\/v2\/comments?post=26933"}],"version-history":[{"count":0,"href":"https:\/\/barockundklassik.com\/es\/wp-json\/wp\/v2\/posts\/26933\/revisions"}],"wp:featuredmedia":[{"embeddable":true,"href":"https:\/\/barockundklassik.com\/es\/wp-json\/wp\/v2\/media\/26930"}],"wp:attachment":[{"href":"https:\/\/barockundklassik.com\/es\/wp-json\/wp\/v2\/media?parent=26933"}],"wp:term":[{"taxonomy":"category","embeddable":true,"href":"https:\/\/barockundklassik.com\/es\/wp-json\/wp\/v2\/categories?post=26933"},{"taxonomy":"post_tag","embeddable":true,"href":"https:\/\/barockundklassik.com\/es\/wp-json\/wp\/v2\/tags?post=26933"}],"curies":[{"name":"wp","href":"https:\/\/api.w.org\/{rel}","templated":true}]}}