{"id":28721,"date":"2025-06-15T15:34:11","date_gmt":"2025-06-15T13:34:11","guid":{"rendered":"https:\/\/barockundklassik.com\/wenn-traeume-hufe-haben-neues-von-pocco\/"},"modified":"2025-06-18T13:14:12","modified_gmt":"2025-06-18T11:14:12","slug":"poni-de-ensueno-busca-una-nueva-casa","status":"publish","type":"post","link":"https:\/\/barockundklassik.com\/es\/poni-de-ensueno-busca-una-nueva-casa\/","title":{"rendered":"Poni de ensue\u00f1o busca una nueva casa"},"content":{"rendered":"<h4>Un coraz\u00f3n en cuatro cascos.<\/h4>\n<p>Algunas historias empiezan muy tranquilamente: con una ni\u00f1a que viene a dar un paseo de prueba y un poni que ya ha dicho \u00abhola\u00bb unas cuantas veces y sigue implic\u00e1ndose con cada ni\u00f1o de nuevo.<\/p>\n<p>Pocco es uno de esos ponis.<\/p>\n<p>Lamentablemente, nuestro compa\u00f1ero de monta ya es demasiado grande para \u00e9l, por lo que buscamos con gran pesar un nuevo hogar para este peque\u00f1o tesoro.<\/p>\n<p>\ud83d\udd39 Nombre: Pocco<br \/>\n\ud83d\udd39 Edad: 12 a\u00f1os<br \/>\n\ud83d\udd39 Altura: 1,37<br \/>\n\ud83d\udd39 Raza: poni de montar alem\u00e1n<br \/>\n\ud83d\udd39 Sexo: Caballo castrado<br \/>\n\ud83d\udd39 Ubicaci\u00f3n: 27367 Sottrum<br \/>\n\ud83d\udd39 Precio: a petici\u00f3n<\/p>\n<h4>Pocco es un verdadero sue\u00f1o de los ni\u00f1os.<\/h4>\n<p>Se porta absolutamente bien, es fiable y simp\u00e1tico tanto en el manejo diario como a la hora de montar. Ya sea aseando, guiando, ensillando o montando &#8211; los ni\u00f1os experimentan r\u00e1pidamente el \u00e9xito con Pocco y crecen m\u00e1s all\u00e1 de s\u00ed mismos con \u00e9l.<\/p>\n<p>Ya tiene experiencia en competiciones de doma y salto, por lo que conoce el ajetreo, la conducci\u00f3n de remolques y las pistas desconocidas, pero siempre se mantiene fresco y equilibrado.<\/p>\n<p>\u2705 Cabeza despejada<br \/>\n\u2705 Adora absolutamente a los ni\u00f1os<br \/>\n\u2705 Confiado en el campo<br \/>\n\u2705 Bueno con la forja y la carga<br \/>\n\u2705 Puede mantenerse en un establo o box abierto<br \/>\n\u2705 Vacunado, desparasitado y presentado regularmente al herrador.<\/p>\n<p>Nos gustar\u00eda que Pocco encontrara un hogar donde pueda seguir siendo apoyado pero tambi\u00e9n querido &#8211; por un ni\u00f1o que pueda crecer con \u00e9l. <a href=\"https:\/\/barockundklassik.com\/es\/Verkaufspferde\/hermoso-poni-alazan-tostado\/\">AQU\u00cd<\/a> est\u00e1 su anuncio de venta.<\/p>\n<p>&nbsp;<\/p>\n<hr \/>\n<p><a href=\"https:\/\/barockundklassik.com\/wp-content\/uploads\/2025\/06\/poccoturnier02.jpg\"><img loading=\"lazy\" decoding=\"async\" class=\"alignnone wp-image-28793 size-thumbnail\" src=\"https:\/\/barockundklassik.com\/wp-content\/uploads\/2025\/06\/poccoturnier02-320x250.jpg\" alt=\"\" width=\"320\" height=\"250\" title=\"\"><\/a><a href=\"https:\/\/barockundklassik.com\/wp-content\/uploads\/2025\/06\/poccoturnier.jpg\"><img loading=\"lazy\" decoding=\"async\" class=\"alignnone wp-image-28796 size-thumbnail\" src=\"https:\/\/barockundklassik.com\/wp-content\/uploads\/2025\/06\/poccoturnier-320x250.jpg\" alt=\"\" width=\"320\" height=\"250\" title=\"\"><\/a><a href=\"https:\/\/barockundklassik.com\/wp-content\/uploads\/2025\/06\/poccoturnier03.jpg\"><img loading=\"lazy\" decoding=\"async\" class=\"alignnone wp-image-28790 size-thumbnail\" src=\"https:\/\/barockundklassik.com\/wp-content\/uploads\/2025\/06\/poccoturnier03-320x250.jpg\" alt=\"\" width=\"320\" height=\"250\" title=\"\"><\/a><a href=\"https:\/\/barockundklassik.com\/wp-content\/uploads\/2025\/06\/poccoturnier04.jpg\"><img loading=\"lazy\" decoding=\"async\" class=\"alignnone wp-image-28787 size-thumbnail\" src=\"https:\/\/barockundklassik.com\/wp-content\/uploads\/2025\/06\/poccoturnier04-320x250.jpg\" alt=\"\" width=\"320\" height=\"250\" title=\"\"><\/a><img loading=\"lazy\" decoding=\"async\" class=\"alignnone wp-image-28784 size-thumbnail\" src=\"https:\/\/barockundklassik.com\/wp-content\/uploads\/2025\/06\/poccoturnier05-320x250.jpg\" alt=\"\" width=\"320\" height=\"250\" title=\"\"><a href=\"https:\/\/barockundklassik.com\/wp-content\/uploads\/2025\/06\/poccoturnier06.jpg\"><img loading=\"lazy\" decoding=\"async\" class=\"alignnone wp-image-28781 size-thumbnail\" src=\"https:\/\/barockundklassik.com\/wp-content\/uploads\/2025\/06\/poccoturnier06-320x250.jpg\" alt=\"\" width=\"320\" height=\"250\" title=\"\"><\/a><a href=\"https:\/\/barockundklassik.com\/wp-content\/uploads\/2025\/06\/poccoturnier07.jpg\"><img loading=\"lazy\" decoding=\"async\" class=\"alignnone wp-image-28778 size-thumbnail\" src=\"https:\/\/barockundklassik.com\/wp-content\/uploads\/2025\/06\/poccoturnier07-320x250.jpg\" alt=\"\" width=\"320\" height=\"250\" title=\"\"><\/a><\/p>\n<hr \/>\n<p><iframe loading=\"lazy\" width=\"560\" height=\"315\" frameborder=\"0\" src=\"https:\/\/www.youtube.com\/embed\/qNnKsKN9MyM?si=kL0Xhw1EsQI2D-HF\"><\/iframe><\/p>\n","protected":false},"excerpt":{"rendered":"<p>Un coraz\u00f3n en cuatro cascos. Algunas historias empiezan muy tranquilamente: con una ni\u00f1a que viene a dar un paseo de prueba y un poni que ya ha dicho \u00abhola\u00bb unas cuantas veces y sigue implic\u00e1ndose con cada ni\u00f1o de nuevo. Pocco es uno de esos ponis. Lamentablemente, nuestro compa\u00f1ero de monta ya es demasiado grande para \u00e9l, por lo que buscamos con gran pesar un nuevo hogar para este peque\u00f1o tesoro. \ud83d\udd39 Nombre: Pocco \ud83d\udd39 Edad: 12 a\u00f1os \ud83d\udd39 Altura: 1,37 \ud83d\udd39 Raza: poni de montar alem\u00e1n \ud83d\udd39 Sexo: Caballo castrado \ud83d\udd39 Ubicaci\u00f3n: 27367 Sottrum \ud83d\udd39 Precio: a petici\u00f3n Pocco &hellip; <a href=\"https:\/\/barockundklassik.com\/es\/poni-de-ensueno-busca-una-nueva-casa\/\">Continued<\/a><\/p>\n","protected":false},"author":2,"featured_media":28718,"comment_status":"closed","ping_status":"open","sticky":false,"template":"","format":"standard","meta":{"footnotes":""},"categories":[1096],"tags":[],"class_list":["post-28721","post","type-post","status-publish","format-standard","has-post-thumbnail","hentry","category-nuevo"],"_links":{"self":[{"href":"https:\/\/barockundklassik.com\/es\/wp-json\/wp\/v2\/posts\/28721","targetHints":{"allow":["GET"]}}],"collection":[{"href":"https:\/\/barockundklassik.com\/es\/wp-json\/wp\/v2\/posts"}],"about":[{"href":"https:\/\/barockundklassik.com\/es\/wp-json\/wp\/v2\/types\/post"}],"author":[{"embeddable":true,"href":"https:\/\/barockundklassik.com\/es\/wp-json\/wp\/v2\/users\/2"}],"replies":[{"embeddable":true,"href":"https:\/\/barockundklassik.com\/es\/wp-json\/wp\/v2\/comments?post=28721"}],"version-history":[{"count":0,"href":"https:\/\/barockundklassik.com\/es\/wp-json\/wp\/v2\/posts\/28721\/revisions"}],"wp:featuredmedia":[{"embeddable":true,"href":"https:\/\/barockundklassik.com\/es\/wp-json\/wp\/v2\/media\/28718"}],"wp:attachment":[{"href":"https:\/\/barockundklassik.com\/es\/wp-json\/wp\/v2\/media?parent=28721"}],"wp:term":[{"taxonomy":"category","embeddable":true,"href":"https:\/\/barockundklassik.com\/es\/wp-json\/wp\/v2\/categories?post=28721"},{"taxonomy":"post_tag","embeddable":true,"href":"https:\/\/barockundklassik.com\/es\/wp-json\/wp\/v2\/tags?post=28721"}],"curies":[{"name":"wp","href":"https:\/\/api.w.org\/{rel}","templated":true}]}}