{"id":30185,"date":"2025-10-07T13:41:29","date_gmt":"2025-10-07T11:41:29","guid":{"rendered":"https:\/\/barockundklassik.com\/pre-quadrille-neues-von-pre-wawa\/"},"modified":"2025-10-09T14:00:39","modified_gmt":"2025-10-09T12:00:39","slug":"pre-cuadrilla-caballo-de-venta-ex","status":"publish","type":"post","link":"https:\/\/barockundklassik.com\/es\/pre-cuadrilla-caballo-de-venta-ex\/","title":{"rendered":"Actualizaci\u00f3n de un caballo del coraz\u00f3n"},"content":{"rendered":"<p>No hay nada m\u00e1s bonito para nosotros que saber lo bien que est\u00e1n nuestros antiguos caballos de venta en su nuevo hogar, \u00a1y este PRE nos llena el coraz\u00f3n de alegr\u00eda! \u2764\ufe0f<\/p>\n<p>Este guapo chico no solo ha encontrado un nuevo hogar lleno de amor, sino que tambi\u00e9n est\u00e1 encantando a todos. Sus nuevos propietarios est\u00e1n encantados con \u00e9l y alaban su car\u00e1cter equilibrado, su entusiasmo por aprender y su fiabilidad. \ud83e\udd70<\/p>\n<p>Ahora incluso participa regularmente en eventos, donde muestra su mejor cara. Ya sea en exhibiciones o en cuadrillas, participa con obediencia y seguridad, se mantiene tranquilo en cualquier situaci\u00f3n y es simplemente un verdadero atractivo con mucho encanto y carisma. \ud83c\udf1f<\/p>\n<p>Estamos muy contentos con esta evoluci\u00f3n y orgullosos de haber contribuido un poco a su camino. \u00a1Te deseamos todo lo mejor y muchas aventuras juntos! \ud83c\udf40<\/p>\n<hr \/>\n<p data-start=\"967\" data-end=\"1139\"><a href=\"https:\/\/barockundklassik.com\/wp-content\/uploads\/2025\/10\/wawakunde02.jpg\"><img loading=\"lazy\" decoding=\"async\" class=\"alignnone wp-image-30176 size-thumbnail\" src=\"https:\/\/barockundklassik.com\/wp-content\/uploads\/2025\/10\/wawakunde02-320x250.jpg\" alt=\"\" width=\"320\" height=\"250\" title=\"\"><\/a><a href=\"https:\/\/barockundklassik.com\/wp-content\/uploads\/2025\/10\/wawakunde01.jpg\"><img loading=\"lazy\" decoding=\"async\" class=\"alignnone wp-image-30179 size-thumbnail\" src=\"https:\/\/barockundklassik.com\/wp-content\/uploads\/2025\/10\/wawakunde01-320x250.jpg\" alt=\"\" width=\"320\" height=\"250\" title=\"\"><\/a><a href=\"https:\/\/barockundklassik.com\/wp-content\/uploads\/2025\/10\/wawakunde04.jpg\"><img loading=\"lazy\" decoding=\"async\" class=\"alignnone wp-image-30170 size-thumbnail\" src=\"https:\/\/barockundklassik.com\/wp-content\/uploads\/2025\/10\/wawakunde04-320x250.jpg\" alt=\"\" width=\"320\" height=\"250\" title=\"\"><\/a><a href=\"https:\/\/barockundklassik.com\/wp-content\/uploads\/2025\/10\/wawakunde03.jpg\"><img loading=\"lazy\" decoding=\"async\" class=\"alignnone wp-image-30173 size-thumbnail\" src=\"https:\/\/barockundklassik.com\/wp-content\/uploads\/2025\/10\/wawakunde03-320x250.jpg\" alt=\"\" width=\"320\" height=\"250\" title=\"\"><\/a><\/p>\n<hr \/>\n<p><iframe loading=\"lazy\" width=\"680\" height=\"383\" frameborder=\"0\" src=\"https:\/\/www.youtube.com\/embed\/mydNSRtsdE8?si=qyD5tNr3q7pHUUYL\"><span style=\"display: inline-block; width: 0px; overflow: hidden; line-height: 0;\" data-mce-type=\"bookmark\" class=\"mce_SELRES_start\">\ufeff<\/span><\/iframe><\/p>\n<hr \/>\n<p><iframe loading=\"lazy\" width=\"680\" height=\"383\" frameborder=\"0\" src=\"https:\/\/www.youtube.com\/embed\/F6jcA0bQXFE?si=Gh8z3hHk-8yHsG_n\"><span style=\"display: inline-block; width: 0px; overflow: hidden; line-height: 0;\" data-mce-type=\"bookmark\" class=\"mce_SELRES_start\">\ufeff<\/span><\/iframe><\/p>\n<hr \/>\n<p>&nbsp;<\/p>\n","protected":false},"excerpt":{"rendered":"<p>No hay nada m\u00e1s bonito para nosotros que saber lo bien que est\u00e1n nuestros antiguos caballos de venta en su nuevo hogar, \u00a1y este PRE nos llena el coraz\u00f3n de alegr\u00eda! \u2764\ufe0f Este guapo chico no solo ha encontrado un nuevo hogar lleno de amor, sino que tambi\u00e9n est\u00e1 encantando a todos. Sus nuevos propietarios est\u00e1n encantados con \u00e9l y alaban su car\u00e1cter equilibrado, su entusiasmo por aprender y su fiabilidad. \ud83e\udd70 Ahora incluso participa regularmente en eventos, donde muestra su mejor cara. Ya sea en exhibiciones o en cuadrillas, participa con obediencia y seguridad, se mantiene tranquilo en cualquier &hellip; <a href=\"https:\/\/barockundklassik.com\/es\/pre-cuadrilla-caballo-de-venta-ex\/\">Continued<\/a><\/p>\n","protected":false},"author":2,"featured_media":0,"comment_status":"closed","ping_status":"open","sticky":false,"template":"","format":"standard","meta":{"footnotes":""},"categories":[1448],"tags":[1950,1948,1949,1938,1951],"class_list":["post-30185","post","type-post","status-publish","format-standard","hentry","category-comentarios-de-los-clientes","tag-caballo-de-venta-pre","tag-cuadrilla-pre","tag-pre-cuadrilla","tag-pre-qudarille","tag-venta-pre"],"_links":{"self":[{"href":"https:\/\/barockundklassik.com\/es\/wp-json\/wp\/v2\/posts\/30185","targetHints":{"allow":["GET"]}}],"collection":[{"href":"https:\/\/barockundklassik.com\/es\/wp-json\/wp\/v2\/posts"}],"about":[{"href":"https:\/\/barockundklassik.com\/es\/wp-json\/wp\/v2\/types\/post"}],"author":[{"embeddable":true,"href":"https:\/\/barockundklassik.com\/es\/wp-json\/wp\/v2\/users\/2"}],"replies":[{"embeddable":true,"href":"https:\/\/barockundklassik.com\/es\/wp-json\/wp\/v2\/comments?post=30185"}],"version-history":[{"count":3,"href":"https:\/\/barockundklassik.com\/es\/wp-json\/wp\/v2\/posts\/30185\/revisions"}],"predecessor-version":[{"id":30191,"href":"https:\/\/barockundklassik.com\/es\/wp-json\/wp\/v2\/posts\/30185\/revisions\/30191"}],"wp:attachment":[{"href":"https:\/\/barockundklassik.com\/es\/wp-json\/wp\/v2\/media?parent=30185"}],"wp:term":[{"taxonomy":"category","embeddable":true,"href":"https:\/\/barockundklassik.com\/es\/wp-json\/wp\/v2\/categories?post=30185"},{"taxonomy":"post_tag","embeddable":true,"href":"https:\/\/barockundklassik.com\/es\/wp-json\/wp\/v2\/tags?post=30185"}],"curies":[{"name":"wp","href":"https:\/\/api.w.org\/{rel}","templated":true}]}}